{"id":4155,"date":"2026-04-27T07:28:27","date_gmt":"2026-04-27T05:28:27","guid":{"rendered":"https:\/\/numa-monneret.fr\/?p=4155"},"modified":"2026-04-27T07:32:39","modified_gmt":"2026-04-27T05:32:39","slug":"deleule","status":"publish","type":"post","link":"https:\/\/numa-monneret.fr\/index.php\/2026\/04\/27\/deleule\/","title":{"rendered":"DELEULE"},"content":{"rendered":"\n<p><strong>Origines<\/strong><\/p>\n\n\n\n<p>DELEULE \u2013 1510 \u00e0 Touillon-Loutelet, avec le mortuaire d\u00fb \u00e0 l\u2019abbaye<\/p>\n\n\n\n<p>du Mont-Sainte-Marie, par Jehan Deleulle pour la morte de sa femme<\/p>\n\n\n\n<p>Perrenette. Les Deleule ont d\u00e9j\u00e0 des surnoms, marque de leur ancien-<\/p>\n\n\n\n<p>net\u00e9, et ils constituent en 1644 l\u2019essentiel des habitants de Touillon,<\/p>\n\n\n\n<p>ce sont les Deleule-Grosjean, Deleule-Chaland, Deleule-Brulefare et<\/p>\n\n\n\n<p>Deleule-Gouget. Il existe d\u2019ailleurs \u00e0 Touillon un \u00ab meix Deleule \u00bb<\/p>\n\n\n\n<p>t\u00e9moin de la pr\u00e9sence de la famille aux si\u00e8cles pr\u00e9c\u00e9dents et pour<\/p>\n\n\n\n<p>lequel les tenanciers sont redevables \u00e0 l\u2019abb\u00e9 de Mont-Sainte-Marie de<\/p>\n\n\n\n<p>dix-huit \u00e9mines de \u00ab bled, tiers d\u2019orge et deux tiers d\u2019avoine et vingt<\/p>\n\n\n\n<p>gros d\u2019argent \u00bb.<\/p>\n\n\n\n<hr class=\"wp-block-separator has-alpha-channel-opacity\"\/>\n\n\n\n<p class=\"has-text-align-center\"><strong>Dans les archives anciennes<\/strong><\/p>\n\n\n\n<p><\/p>\n\n\n\n<p>30 aout 1689<\/p>\n\n\n\n<p>Princesse d\u2019Isengrain<\/p>\n\n\n\n<p>contre<\/p>\n\n\n\n<p>Pierre Deleule Gros Jean, Mathieu et Pierre Deleule dit Chaillant fr\u00e8res<\/p>\n\n\n\n<ol class=\"wp-block-list\">\n<li>Mre Jean Vermot, mareschal, rst en un martinet proche Joux, 45 ans. Le 19 avril 1689 \u00e0 St Antoine au logis d\u2019un nomm\u00e9 Guignard hoste publique audl il convint avec Mathieur, Jean Pierre et Claude Chaillan, de Touillon pour du bois que les Chaillans devaient livrer<\/li>\n\n\n\n<li>Rose Vermot des Roches femme de Jean Vermot, demeurant au martinet proche Joux, 43 ans, il y a un an conduisirent plusieurs voitures qu\u2019ils disaient avoir charg\u00e9 proche de la fontaine ronde qui est dans la grand combe par o\u00f9 l\u2019on vau au ch\u00e2teau de Joux, au lieu de Touillon<\/li>\n\n\n\n<li>Pierre Fran\u00e7ois Fournage, de la Chapelle, labour, 20 ans<\/li>\n\n\n\n<li>Hugues Roube des Hopitaux vieux, demeurant, laboureur, 60 ans.<\/li>\n\n\n\n<li>Edme Simon, des Granges, 28 ans, valet et<\/li>\n\n\n\n<li>Jean Claude Genre, des Fourgs, lab, 32 ans.<\/li>\n\n\n\n<li>Jacques Genre, des Fourgs, lab, 22 ans.<\/li>\n\n\n\n<li>Fraire Cannelle\u00a0?<\/li>\n\n\n\n<li>Antoine Fran\u00e7ois Gauffre, de chez les Gauffre, communaut\u00e9 de la Cluse, 24 ans<\/li>\n\n\n\n<li>Mathieu Cannelle, des hopitaux dmt chez lezs Bauld, lab, 33 ans.<\/li>\n\n\n\n<li>\u00a0Pierre Regnaud Rouge, des Fourgs, laboureur et cordonnier, 50 ans.<\/li>\n\n\n\n<li>Claude Fran\u00e7ois Gauffre, de la Cluse, lab, 48 ans.<sup data-fn=\"d5cbd523-718d-4e20-89a5-6557d7264fa5\" class=\"fn\"><a href=\"#d5cbd523-718d-4e20-89a5-6557d7264fa5\" id=\"d5cbd523-718d-4e20-89a5-6557d7264fa5-link\">1<\/a><\/sup><\/li>\n<\/ol>\n\n\n\n<hr class=\"wp-block-separator has-alpha-channel-opacity\"\/>\n\n\n\n<p class=\"has-text-align-center\"><a style=\"font-weight: bold;\" href=\"https:\/\/numa-monneret.fr\/index.php\/haut-doubs-autrefois\/\">Lien vers les publications pr\u00e9c\u00e9dentes<\/a><\/p>\n\n\n\n<hr class=\"wp-block-separator has-alpha-channel-opacity\" id=\"block-39fe879e-3ba1-4fd5-8094-b2674de8a0de\"\/>\n\n\n\n<p class=\"has-text-align-center\" id=\"block-6e427ea9-6e75-407c-b0a8-fafcea3b7885\"><strong><a href=\"https:\/\/numa-monneret.fr\/index.php\/patronymes-du-haut-doubs\/\">Dictionnaire des patronymes<\/a><\/strong><\/p>\n\n\n\n<hr class=\"wp-block-separator has-alpha-channel-opacity\" id=\"block-dea5f85d-33f3-49ec-a9c2-b43e35bbe554\"\/>\n\n\n\n<p id=\"block-93c32412-9b4d-4677-aa49-499d1c3473da\">Venez compl\u00e9ter votre g\u00e9n\u00e9alogie en Franche-Comt\u00e9 en vous abonnant \u00e0 :<\/p>\n\n\n\n<p class=\"has-text-align-center\" id=\"block-ac6f2ae8-ffd6-49ce-96e9-fbd186899815\"><strong><a href=\"https:\/\/framalistes.org\/sympa\/info\/racines-franc-comtoises\">Racines franc-comtoises<\/a><\/strong><\/p>\n\n\n\n<p>la liste de discussion incontournable sur la g\u00e9n\u00e9alogie en Franche-Comt\u00e9, fond\u00e9e en 1999 !<\/p>\n\n\n<ol class=\"wp-block-footnotes\"><li id=\"d5cbd523-718d-4e20-89a5-6557d7264fa5\">ADD. BBP15289. <a href=\"#d5cbd523-718d-4e20-89a5-6557d7264fa5-link\" aria-label=\"Aller \u00e0 la note de bas de page 1\">\u21a9\ufe0e<\/a><\/li><\/ol>","protected":false},"excerpt":{"rendered":"<p>Origines DELEULE \u2013 1510 \u00e0 Touillon-Loutelet, avec le mortuaire d\u00fb \u00e0 l\u2019abbaye du Mont-Sainte-Marie, par Jehan Deleulle pour la morte de sa femme Perrenette. Les Deleule ont d\u00e9j\u00e0 des surnoms, marque de leur ancien- net\u00e9, et ils constituent en 1644 l\u2019essentiel des habitants de Touillon, ce sont les Deleule-Grosjean, Deleule-Chaland, Deleule-Brulefare et Deleule-Gouget. Il existe [&hellip;]<\/p>\n","protected":false},"author":1,"featured_media":0,"comment_status":"open","ping_status":"open","sticky":false,"template":"","format":"standard","meta":{"_jetpack_memberships_contains_paid_content":false,"footnotes":"[{\"content\":\"ADD. BBP15289.\",\"id\":\"d5cbd523-718d-4e20-89a5-6557d7264fa5\"}]"},"categories":[1],"tags":[],"class_list":["post-4155","post","type-post","status-publish","format-standard","hentry","category-non-classe"],"jetpack_featured_media_url":"","jetpack_sharing_enabled":true,"_links":{"self":[{"href":"https:\/\/numa-monneret.fr\/index.php\/wp-json\/wp\/v2\/posts\/4155","targetHints":{"allow":["GET"]}}],"collection":[{"href":"https:\/\/numa-monneret.fr\/index.php\/wp-json\/wp\/v2\/posts"}],"about":[{"href":"https:\/\/numa-monneret.fr\/index.php\/wp-json\/wp\/v2\/types\/post"}],"author":[{"embeddable":true,"href":"https:\/\/numa-monneret.fr\/index.php\/wp-json\/wp\/v2\/users\/1"}],"replies":[{"embeddable":true,"href":"https:\/\/numa-monneret.fr\/index.php\/wp-json\/wp\/v2\/comments?post=4155"}],"version-history":[{"count":3,"href":"https:\/\/numa-monneret.fr\/index.php\/wp-json\/wp\/v2\/posts\/4155\/revisions"}],"predecessor-version":[{"id":4159,"href":"https:\/\/numa-monneret.fr\/index.php\/wp-json\/wp\/v2\/posts\/4155\/revisions\/4159"}],"wp:attachment":[{"href":"https:\/\/numa-monneret.fr\/index.php\/wp-json\/wp\/v2\/media?parent=4155"}],"wp:term":[{"taxonomy":"category","embeddable":true,"href":"https:\/\/numa-monneret.fr\/index.php\/wp-json\/wp\/v2\/categories?post=4155"},{"taxonomy":"post_tag","embeddable":true,"href":"https:\/\/numa-monneret.fr\/index.php\/wp-json\/wp\/v2\/tags?post=4155"}],"curies":[{"name":"wp","href":"https:\/\/api.w.org\/{rel}","templated":true}]}}