{"id":4161,"date":"2026-04-28T07:25:34","date_gmt":"2026-04-28T05:25:34","guid":{"rendered":"https:\/\/numa-monneret.fr\/?p=4161"},"modified":"2026-04-28T07:25:34","modified_gmt":"2026-04-28T05:25:34","slug":"franche-comte-250","status":"publish","type":"post","link":"https:\/\/numa-monneret.fr\/index.php\/2026\/04\/28\/franche-comte-250\/","title":{"rendered":"FRANCHE-COMTE"},"content":{"rendered":"\n<p><em>Histoire et g\u00e9n\u00e9alogie dans le Haut-Doubs<\/em><\/p>\n\n\n\n<p><strong>Nouveau proc\u00e8s<\/strong><\/p>\n\n\n\n<p><\/p>\n\n\n\n<p>2B2444<\/p>\n\n\n\n<p>2 juin 1582<\/p>\n\n\n\n<p>En la cause de ma\u00eetre Nycolas Vernerey procureur en la seigneurie de Passavant appell\u00e9 d\u2019une part et Fran\u00e7ois Huot, de Bretonvillers appellant d\u2019aultre part.<\/p>\n\n\n\n<p>De la sentence rendue par messire Fran\u00e7ois Ramasson docteur es drois, lieutenant au bailliage d\u2019Amont siege de Baulme le penultieme jour du mois de febvrier l\u2019an mil cinq cens octante et ung confirmative de la sentence precedemment rendue par Guillaume Devaux sieur de&nbsp;Chasoy? capitaine et chastelain de la justice de Passavant le vingt sixieme jour du mois de novembre l\u2019an mil cinq cens septant huit \u2026<\/p>\n\n\n\n<hr class=\"wp-block-separator has-alpha-channel-opacity\"\/>\n\n\n\n<p class=\"has-text-align-center\"><a style=\"font-weight: bold;\" href=\"https:\/\/numa-monneret.fr\/index.php\/haut-doubs-autrefois\/\">Lien vers les publications pr\u00e9c\u00e9dentes<\/a><\/p>\n\n\n\n<hr class=\"wp-block-separator has-alpha-channel-opacity\" id=\"block-39fe879e-3ba1-4fd5-8094-b2674de8a0de\"\/>\n\n\n\n<p class=\"has-text-align-center\" id=\"block-6e427ea9-6e75-407c-b0a8-fafcea3b7885\"><strong><a href=\"https:\/\/numa-monneret.fr\/index.php\/patronymes-du-haut-doubs\/\">Dictionnaire des patronymes<\/a><\/strong><\/p>\n\n\n\n<hr class=\"wp-block-separator has-alpha-channel-opacity\" id=\"block-dea5f85d-33f3-49ec-a9c2-b43e35bbe554\"\/>\n\n\n\n<p id=\"block-93c32412-9b4d-4677-aa49-499d1c3473da\">Venez compl\u00e9ter votre g\u00e9n\u00e9alogie en Franche-Comt\u00e9 en vous abonnant \u00e0 :<\/p>\n\n\n\n<p class=\"has-text-align-center\" id=\"block-ac6f2ae8-ffd6-49ce-96e9-fbd186899815\"><strong><a href=\"https:\/\/framalistes.org\/sympa\/info\/racines-franc-comtoises\">Racines franc-comtoises<\/a><\/strong><\/p>\n\n\n\n<p>la liste de discussion incontournable sur la g\u00e9n\u00e9alogie en Franche-Comt\u00e9, fond\u00e9e en 1999 !<\/p>\n","protected":false},"excerpt":{"rendered":"<p>Histoire et g\u00e9n\u00e9alogie dans le Haut-Doubs Nouveau proc\u00e8s 2B2444 2 juin 1582 En la cause de ma\u00eetre Nycolas Vernerey procureur en la seigneurie de Passavant appell\u00e9 d\u2019une part et Fran\u00e7ois Huot, de Bretonvillers appellant d\u2019aultre part. De la sentence rendue par messire Fran\u00e7ois Ramasson docteur es drois, lieutenant au bailliage d\u2019Amont siege de Baulme le [&hellip;]<\/p>\n","protected":false},"author":1,"featured_media":0,"comment_status":"open","ping_status":"open","sticky":false,"template":"","format":"standard","meta":{"_jetpack_memberships_contains_paid_content":false,"footnotes":""},"categories":[1],"tags":[],"class_list":["post-4161","post","type-post","status-publish","format-standard","hentry","category-non-classe"],"jetpack_featured_media_url":"","jetpack_sharing_enabled":true,"_links":{"self":[{"href":"https:\/\/numa-monneret.fr\/index.php\/wp-json\/wp\/v2\/posts\/4161","targetHints":{"allow":["GET"]}}],"collection":[{"href":"https:\/\/numa-monneret.fr\/index.php\/wp-json\/wp\/v2\/posts"}],"about":[{"href":"https:\/\/numa-monneret.fr\/index.php\/wp-json\/wp\/v2\/types\/post"}],"author":[{"embeddable":true,"href":"https:\/\/numa-monneret.fr\/index.php\/wp-json\/wp\/v2\/users\/1"}],"replies":[{"embeddable":true,"href":"https:\/\/numa-monneret.fr\/index.php\/wp-json\/wp\/v2\/comments?post=4161"}],"version-history":[{"count":2,"href":"https:\/\/numa-monneret.fr\/index.php\/wp-json\/wp\/v2\/posts\/4161\/revisions"}],"predecessor-version":[{"id":4163,"href":"https:\/\/numa-monneret.fr\/index.php\/wp-json\/wp\/v2\/posts\/4161\/revisions\/4163"}],"wp:attachment":[{"href":"https:\/\/numa-monneret.fr\/index.php\/wp-json\/wp\/v2\/media?parent=4161"}],"wp:term":[{"taxonomy":"category","embeddable":true,"href":"https:\/\/numa-monneret.fr\/index.php\/wp-json\/wp\/v2\/categories?post=4161"},{"taxonomy":"post_tag","embeddable":true,"href":"https:\/\/numa-monneret.fr\/index.php\/wp-json\/wp\/v2\/tags?post=4161"}],"curies":[{"name":"wp","href":"https:\/\/api.w.org\/{rel}","templated":true}]}}