{"id":4171,"date":"2026-04-29T07:46:21","date_gmt":"2026-04-29T05:46:21","guid":{"rendered":"https:\/\/numa-monneret.fr\/?p=4171"},"modified":"2026-04-29T07:46:21","modified_gmt":"2026-04-29T05:46:21","slug":"demesmay","status":"publish","type":"post","link":"https:\/\/numa-monneret.fr\/index.php\/2026\/04\/29\/demesmay\/","title":{"rendered":"DEMESMAY"},"content":{"rendered":"\n<p><strong>Origines<\/strong><\/p>\n\n\n\n<p>DEMESMAY \u2013 Milieu du XVIIIe s. \u00e0 Pontarlier avec Adrien Demesmay, procureur au bailliage.<\/p>\n\n\n\n<hr class=\"wp-block-separator has-alpha-channel-opacity\"\/>\n\n\n\n<p class=\"has-text-align-center\"><strong><a href=\"https:\/\/gw.geneanet.org\/chmonneret_w?exact_first_name=on&amp;exact_surname=on&amp;event_bapt=on&amp;event_birth=on&amp;event_burial=on&amp;event_death=on&amp;event_marriage=on&amp;event_other_events=on&amp;exact_first_name_prefix=on&amp;exact_surname_prefix=on&amp;first_name=&amp;m=SEARCH&amp;search_type=OR&amp;surname=demesmay\">G\u00e9n\u00e9alogie des Demesmay<\/a><\/strong><\/p>\n\n\n\n<hr class=\"wp-block-separator has-alpha-channel-opacity\"\/>\n\n\n\n<p class=\"has-text-align-center\"><a style=\"font-weight: bold;\" href=\"https:\/\/numa-monneret.fr\/index.php\/haut-doubs-autrefois\/\">Lien vers les publications pr\u00e9c\u00e9dentes<\/a><\/p>\n\n\n\n<hr class=\"wp-block-separator has-alpha-channel-opacity\" id=\"block-39fe879e-3ba1-4fd5-8094-b2674de8a0de\"\/>\n\n\n\n<p class=\"has-text-align-center\" id=\"block-6e427ea9-6e75-407c-b0a8-fafcea3b7885\"><strong><a href=\"https:\/\/numa-monneret.fr\/index.php\/patronymes-du-haut-doubs\/\">Dictionnaire des patronymes<\/a><\/strong><\/p>\n\n\n\n<hr class=\"wp-block-separator has-alpha-channel-opacity\" id=\"block-dea5f85d-33f3-49ec-a9c2-b43e35bbe554\"\/>\n\n\n\n<p id=\"block-93c32412-9b4d-4677-aa49-499d1c3473da\">Venez compl\u00e9ter votre g\u00e9n\u00e9alogie en Franche-Comt\u00e9 en vous abonnant \u00e0 :<\/p>\n\n\n\n<p class=\"has-text-align-center\" id=\"block-ac6f2ae8-ffd6-49ce-96e9-fbd186899815\"><strong><a href=\"https:\/\/framalistes.org\/sympa\/info\/racines-franc-comtoises\">Racines franc-comtoises<\/a><\/strong><\/p>\n\n\n\n<p>la liste de discussion incontournable sur la g\u00e9n\u00e9alogie en Franche-Comt\u00e9, fond\u00e9e en 1999 !<\/p>\n","protected":false},"excerpt":{"rendered":"<p>Origines DEMESMAY \u2013 Milieu du XVIIIe s. \u00e0 Pontarlier avec Adrien Demesmay, procureur au bailliage. G\u00e9n\u00e9alogie des Demesmay Lien vers les publications pr\u00e9c\u00e9dentes Dictionnaire des patronymes Venez compl\u00e9ter votre g\u00e9n\u00e9alogie en Franche-Comt\u00e9 en vous abonnant \u00e0 : Racines franc-comtoises la liste de discussion incontournable sur la g\u00e9n\u00e9alogie en Franche-Comt\u00e9, fond\u00e9e en 1999 !<\/p>\n","protected":false},"author":1,"featured_media":0,"comment_status":"open","ping_status":"open","sticky":false,"template":"","format":"standard","meta":{"_jetpack_memberships_contains_paid_content":false,"footnotes":""},"categories":[1],"tags":[],"class_list":["post-4171","post","type-post","status-publish","format-standard","hentry","category-non-classe"],"jetpack_featured_media_url":"","jetpack_sharing_enabled":true,"_links":{"self":[{"href":"https:\/\/numa-monneret.fr\/index.php\/wp-json\/wp\/v2\/posts\/4171","targetHints":{"allow":["GET"]}}],"collection":[{"href":"https:\/\/numa-monneret.fr\/index.php\/wp-json\/wp\/v2\/posts"}],"about":[{"href":"https:\/\/numa-monneret.fr\/index.php\/wp-json\/wp\/v2\/types\/post"}],"author":[{"embeddable":true,"href":"https:\/\/numa-monneret.fr\/index.php\/wp-json\/wp\/v2\/users\/1"}],"replies":[{"embeddable":true,"href":"https:\/\/numa-monneret.fr\/index.php\/wp-json\/wp\/v2\/comments?post=4171"}],"version-history":[{"count":2,"href":"https:\/\/numa-monneret.fr\/index.php\/wp-json\/wp\/v2\/posts\/4171\/revisions"}],"predecessor-version":[{"id":4173,"href":"https:\/\/numa-monneret.fr\/index.php\/wp-json\/wp\/v2\/posts\/4171\/revisions\/4173"}],"wp:attachment":[{"href":"https:\/\/numa-monneret.fr\/index.php\/wp-json\/wp\/v2\/media?parent=4171"}],"wp:term":[{"taxonomy":"category","embeddable":true,"href":"https:\/\/numa-monneret.fr\/index.php\/wp-json\/wp\/v2\/categories?post=4171"},{"taxonomy":"post_tag","embeddable":true,"href":"https:\/\/numa-monneret.fr\/index.php\/wp-json\/wp\/v2\/tags?post=4171"}],"curies":[{"name":"wp","href":"https:\/\/api.w.org\/{rel}","templated":true}]}}