{"id":4904,"date":"2026-09-01T07:38:47","date_gmt":"2026-09-01T05:38:47","guid":{"rendered":"https:\/\/numa-monneret.fr\/?p=4904"},"modified":"2026-09-02T05:33:04","modified_gmt":"2026-09-02T03:33:04","slug":"franche-comte-334","status":"publish","type":"post","link":"https:\/\/numa-monneret.fr\/index.php\/2026\/09\/01\/franche-comte-334\/","title":{"rendered":"FRANCHE-COMT\u00c9"},"content":{"rendered":"\n<p class=\"wp-block-paragraph\"><em>Histoire et g\u00e9n\u00e9alogie dans le Haut-Doubs<\/em><\/p>\n\n\n\n<p class=\"wp-block-paragraph\"><strong>Nouveau proc\u00e8s<\/strong><\/p>\n\n\n\n<p class=\"wp-block-paragraph\"><\/p>\n\n\n\n<p class=\"wp-block-paragraph\">2B2449<\/p>\n\n\n\n<p class=\"wp-block-paragraph\">Juillet 1585<\/p>\n\n\n\n<p class=\"wp-block-paragraph\">En la cause de Mre Jehan Petit Jehan, d\u2019Adam, notaire, procureur d\u2019office en la justice et seigneurie de la Grace Dieu pour les reverends et venerables abb\u00e9 et religieux de l\u2019eglise et monastere notre Dame de la Grace Dieu et n ladite qualit\u00e9 apppelles d\u2019une part et Nycolas et Victor Gardot, d\u2019Ayssey, freres, detenuz prisonniers en la conciergerie appellant d\u2019aultre part de la sentence rendue le treizieme du present mois de juillet par messire Francois Ramasson lieutenant au siet de Baulme par laquelle il condamn\u00e9 lesdits appellants de servir de forsaire aux galeres de sa majest\u00e9 le temps et terme \u00e0 sscavoir ledit Nycolas de dix ans et ledit Victo cinq ans pour les larrecins et actes contenus et rapportez en le premiere sentence rendue contre lesdits appellants par le juge en la justice de ladite Grace Dieu.<\/p>\n\n\n\n<p class=\"wp-block-paragraph\">La cour ordonne que la sentence ira avant etc \u2026<\/p>\n\n\n\n<p class=\"has-text-align-center wp-block-paragraph\"><strong>L<a style=\"font-weight: bold;\" href=\"https:\/\/numa-monneret.fr\/index.php\/haut-doubs-autrefois\/\">i<\/a><\/strong><a style=\"font-weight: bold;\" href=\"https:\/\/numa-monneret.fr\/index.php\/haut-doubs-autrefois\/\">en vers les publications pr\u00e9c\u00e9dentes<\/a><\/p>\n\n\n\n<hr class=\"wp-block-separator has-alpha-channel-opacity\" id=\"block-39fe879e-3ba1-4fd5-8094-b2674de8a0de\"\/>\n\n\n\n<p class=\"has-text-align-center wp-block-paragraph\" id=\"block-6e427ea9-6e75-407c-b0a8-fafcea3b7885\"><strong><a href=\"https:\/\/numa-monneret.fr\/index.php\/patronymes-du-haut-doubs\/\">Dictionnaire des patronymes<\/a><\/strong><\/p>\n\n\n\n<hr class=\"wp-block-separator has-alpha-channel-opacity\" id=\"block-dea5f85d-33f3-49ec-a9c2-b43e35bbe554\"\/>\n\n\n\n<p class=\"wp-block-paragraph\" id=\"block-93c32412-9b4d-4677-aa49-499d1c3473da\">Venez compl\u00e9ter votre g\u00e9n\u00e9alogie en Franche-Comt\u00e9 en vous abonnant \u00e0 :<\/p>\n\n\n\n<p class=\"has-text-align-center wp-block-paragraph\" id=\"block-ac6f2ae8-ffd6-49ce-96e9-fbd186899815\"><strong><a href=\"https:\/\/framalistes.org\/sympa\/info\/racines-franc-comtoises\">Racines franc-comtoises<\/a><\/strong><\/p>\n\n\n\n<p class=\"wp-block-paragraph\">la liste de discussion embl\u00e9matique sur la Franche-Comt\u00e9 fond\u00e9e en 1999 !!!<\/p>\n","protected":false},"excerpt":{"rendered":"<p>Histoire et g\u00e9n\u00e9alogie dans le Haut-Doubs Nouveau proc\u00e8s 2B2449 Juillet 1585 En la cause de Mre Jehan Petit Jehan, d\u2019Adam, notaire, procureur d\u2019office en la justice et seigneurie de la Grace Dieu pour les reverends et venerables abb\u00e9 et religieux de l\u2019eglise et monastere notre Dame de la Grace Dieu et n ladite qualit\u00e9 apppelles [&hellip;]<\/p>\n","protected":false},"author":1,"featured_media":0,"comment_status":"open","ping_status":"open","sticky":false,"template":"","format":"standard","meta":{"_jetpack_newsletter_access":"","_jetpack_dont_email_post_to_subs":false,"_jetpack_newsletter_tier_id":0,"_jetpack_memberships_contains_paywalled_content":false,"_jetpack_feature_clip_id":0,"_jetpack_memberships_contains_paid_content":false,"footnotes":"","jetpack_post_was_ever_published":false},"categories":[1],"tags":[],"class_list":["post-4904","post","type-post","status-publish","format-standard","hentry","category-non-classe"],"jetpack_sharing_enabled":true,"jetpack_featured_media_url":"","_links":{"self":[{"href":"https:\/\/numa-monneret.fr\/index.php\/wp-json\/wp\/v2\/posts\/4904","targetHints":{"allow":["GET"]}}],"collection":[{"href":"https:\/\/numa-monneret.fr\/index.php\/wp-json\/wp\/v2\/posts"}],"about":[{"href":"https:\/\/numa-monneret.fr\/index.php\/wp-json\/wp\/v2\/types\/post"}],"author":[{"embeddable":true,"href":"https:\/\/numa-monneret.fr\/index.php\/wp-json\/wp\/v2\/users\/1"}],"replies":[{"embeddable":true,"href":"https:\/\/numa-monneret.fr\/index.php\/wp-json\/wp\/v2\/comments?post=4904"}],"version-history":[{"count":3,"href":"https:\/\/numa-monneret.fr\/index.php\/wp-json\/wp\/v2\/posts\/4904\/revisions"}],"predecessor-version":[{"id":4914,"href":"https:\/\/numa-monneret.fr\/index.php\/wp-json\/wp\/v2\/posts\/4904\/revisions\/4914"}],"wp:attachment":[{"href":"https:\/\/numa-monneret.fr\/index.php\/wp-json\/wp\/v2\/media?parent=4904"}],"wp:term":[{"taxonomy":"category","embeddable":true,"href":"https:\/\/numa-monneret.fr\/index.php\/wp-json\/wp\/v2\/categories?post=4904"},{"taxonomy":"post_tag","embeddable":true,"href":"https:\/\/numa-monneret.fr\/index.php\/wp-json\/wp\/v2\/tags?post=4904"}],"curies":[{"name":"wp","href":"https:\/\/api.w.org\/{rel}","templated":true}]}}