{"id":4912,"date":"2026-09-02T05:35:48","date_gmt":"2026-09-02T03:35:48","guid":{"rendered":"https:\/\/numa-monneret.fr\/?p=4912"},"modified":"2026-09-02T05:35:48","modified_gmt":"2026-09-02T03:35:48","slug":"franche-comte-335","status":"publish","type":"post","link":"https:\/\/numa-monneret.fr\/index.php\/2026\/09\/02\/franche-comte-335\/","title":{"rendered":"FRANCHE-COMTE"},"content":{"rendered":"\n<p class=\"wp-block-paragraph\">Histoire et g\u00e9n\u00e9alogie dans le Haut-Doubs<\/p>\n\n\n\n<p class=\"wp-block-paragraph\"><strong>Nouveau proc\u00e8s<\/strong><\/p>\n\n\n\n<p class=\"wp-block-paragraph\"><\/p>\n\n\n\n<p class=\"wp-block-paragraph\">2B2449<\/p>\n\n\n\n<p class=\"wp-block-paragraph\">Juillet 1585<\/p>\n\n\n\n<p class=\"wp-block-paragraph\">En la cause du procureur general impetrant et demandant en matiere de transgression d\u2019edictz de sa majest\u00e9 concernant la distraction de grains hors ce peys et cont\u00e9 de Bougoigne, crimes et delictz d\u2019une part et Guillame Mre Estienne et Anthoine Nicholez d\u2019Orchamps en Vennes deffendeurs d\u2019aultre part.<\/p>\n\n\n\n<p class=\"wp-block-paragraph\">Pour nobostant \u2026 edictez de sa majest\u00e9 publiez en cedit peis avoir par ledit Mre Estienne le vingt sixieme de nobembre derrier faicte charger sur un sien chariot audit lieu d\u2019Orchamps six sacs plains de bled \u00e0 l\u2019intention de le conduire et rendre au lieu des Brenets seigneurie de Valangin peys de Suysse et de fait \u00e0 l\u2019assistance duidt Nicholez avoir conduis lesdits six sacs de bled sur ledit chariot attel\u00e9 de trois chevaulx jusqu\u2019au villaige de Chalesson proche le passage de la riviere du Doux sise et situee sur les limittes de cedit peys \u2026 le tout fus arrest\u00e9 soubz la main de sa majest\u00e9 par Pierre fut Hanry Choppart dudit Chalesson.<\/p>\n\n\n\n<p class=\"has-text-align-center wp-block-paragraph\"><strong>L<a style=\"font-weight: bold;\" href=\"https:\/\/numa-monneret.fr\/index.php\/haut-doubs-autrefois\/\">i<\/a><\/strong><a style=\"font-weight: bold;\" href=\"https:\/\/numa-monneret.fr\/index.php\/haut-doubs-autrefois\/\">en vers les publications pr\u00e9c\u00e9dentes<\/a><\/p>\n\n\n\n<hr class=\"wp-block-separator has-alpha-channel-opacity\" id=\"block-39fe879e-3ba1-4fd5-8094-b2674de8a0de\"\/>\n\n\n\n<p class=\"has-text-align-center wp-block-paragraph\" id=\"block-6e427ea9-6e75-407c-b0a8-fafcea3b7885\"><strong><a href=\"https:\/\/numa-monneret.fr\/index.php\/patronymes-du-haut-doubs\/\">Dictionnaire des patronymes<\/a><\/strong><\/p>\n\n\n\n<hr class=\"wp-block-separator has-alpha-channel-opacity\" id=\"block-dea5f85d-33f3-49ec-a9c2-b43e35bbe554\"\/>\n\n\n\n<p class=\"wp-block-paragraph\" id=\"block-93c32412-9b4d-4677-aa49-499d1c3473da\">Venez compl\u00e9ter votre g\u00e9n\u00e9alogie en Franche-Comt\u00e9 en vous abonnant \u00e0 :<\/p>\n\n\n\n<p class=\"has-text-align-center wp-block-paragraph\" id=\"block-ac6f2ae8-ffd6-49ce-96e9-fbd186899815\"><strong><a href=\"https:\/\/framalistes.org\/sympa\/info\/racines-franc-comtoises\">Racines franc-comtoises<\/a><\/strong><\/p>\n\n\n\n<p class=\"wp-block-paragraph\">la liste de discussion embl\u00e9matique sur la Franche-Comt\u00e9 fond\u00e9e en 1999 !!!<\/p>\n","protected":false},"excerpt":{"rendered":"<p>Histoire et g\u00e9n\u00e9alogie dans le Haut-Doubs Nouveau proc\u00e8s 2B2449 Juillet 1585 En la cause du procureur general impetrant et demandant en matiere de transgression d\u2019edictz de sa majest\u00e9 concernant la distraction de grains hors ce peys et cont\u00e9 de Bougoigne, crimes et delictz d\u2019une part et Guillame Mre Estienne et Anthoine Nicholez d\u2019Orchamps en Vennes [&hellip;]<\/p>\n","protected":false},"author":1,"featured_media":0,"comment_status":"open","ping_status":"open","sticky":false,"template":"","format":"standard","meta":{"_jetpack_newsletter_access":"","_jetpack_dont_email_post_to_subs":false,"_jetpack_newsletter_tier_id":0,"_jetpack_memberships_contains_paywalled_content":false,"_jetpack_feature_clip_id":0,"_jetpack_memberships_contains_paid_content":false,"footnotes":"","jetpack_post_was_ever_published":false},"categories":[1],"tags":[],"class_list":["post-4912","post","type-post","status-publish","format-standard","hentry","category-non-classe"],"jetpack_sharing_enabled":true,"jetpack_featured_media_url":"","_links":{"self":[{"href":"https:\/\/numa-monneret.fr\/index.php\/wp-json\/wp\/v2\/posts\/4912","targetHints":{"allow":["GET"]}}],"collection":[{"href":"https:\/\/numa-monneret.fr\/index.php\/wp-json\/wp\/v2\/posts"}],"about":[{"href":"https:\/\/numa-monneret.fr\/index.php\/wp-json\/wp\/v2\/types\/post"}],"author":[{"embeddable":true,"href":"https:\/\/numa-monneret.fr\/index.php\/wp-json\/wp\/v2\/users\/1"}],"replies":[{"embeddable":true,"href":"https:\/\/numa-monneret.fr\/index.php\/wp-json\/wp\/v2\/comments?post=4912"}],"version-history":[{"count":2,"href":"https:\/\/numa-monneret.fr\/index.php\/wp-json\/wp\/v2\/posts\/4912\/revisions"}],"predecessor-version":[{"id":4915,"href":"https:\/\/numa-monneret.fr\/index.php\/wp-json\/wp\/v2\/posts\/4912\/revisions\/4915"}],"wp:attachment":[{"href":"https:\/\/numa-monneret.fr\/index.php\/wp-json\/wp\/v2\/media?parent=4912"}],"wp:term":[{"taxonomy":"category","embeddable":true,"href":"https:\/\/numa-monneret.fr\/index.php\/wp-json\/wp\/v2\/categories?post=4912"},{"taxonomy":"post_tag","embeddable":true,"href":"https:\/\/numa-monneret.fr\/index.php\/wp-json\/wp\/v2\/tags?post=4912"}],"curies":[{"name":"wp","href":"https:\/\/api.w.org\/{rel}","templated":true}]}}