{"id":4916,"date":"2026-09-02T05:35:32","date_gmt":"2026-09-02T03:35:32","guid":{"rendered":"https:\/\/numa-monneret.fr\/?p=4916"},"modified":"2026-09-02T05:35:32","modified_gmt":"2026-09-02T03:35:32","slug":"fontaine","status":"publish","type":"post","link":"https:\/\/numa-monneret.fr\/index.php\/2026\/09\/02\/fontaine\/","title":{"rendered":"FONTAINE"},"content":{"rendered":"\n<p class=\"wp-block-paragraph\"><strong>Origines<\/strong><\/p>\n\n\n\n<p class=\"wp-block-paragraph\">FONTAINE \u2013 1520 \u00e0 Vuillecin avec \u00c9tienne Fontaine, qui doit la cense<\/p>\n\n\n\n<p class=\"wp-block-paragraph\">de sept \u00e9mines ; fin du XVIe s. \u00e0 Courcelles-l\u00e8s-Ch\u00e2tillon et Laviron.<\/p>\n\n\n\n<p class=\"wp-block-paragraph\">En 1586, Perrin Fontaine, de Vuillecin, \u00e2g\u00e9 de quarante ans, se dit fils<\/p>\n\n\n\n<p class=\"wp-block-paragraph\">de feu Pierre de La Fontaine, quand il fait une reconnaissance de ses<\/p>\n\n\n\n<p class=\"wp-block-paragraph\">terres relevant de l\u2019ordre du Temple, qui poss\u00e8de une chapelle et deux<\/p>\n\n\n\n<p class=\"wp-block-paragraph\">cents journaux de terres \u00e0 Vuillecin ; on comprend mieux l\u2019origine du<\/p>\n\n\n\n<p class=\"wp-block-paragraph\">patronyme, sachant qu\u2019alors fontaine signifie source, et que l\u2019anc\u00eatre<\/p>\n\n\n\n<p class=\"wp-block-paragraph\">de Perrin Fontaine avait vraisemblablement construit sa maison \u00e0<\/p>\n\n\n\n<p class=\"wp-block-paragraph\">proximit\u00e9.<\/p>\n\n\n\n<p class=\"has-text-align-center wp-block-paragraph\"><\/p>\n\n\n\n<p class=\"has-text-align-center wp-block-paragraph\"><strong>L<a style=\"font-weight: bold;\" href=\"https:\/\/numa-monneret.fr\/index.php\/haut-doubs-autrefois\/\">i<\/a><\/strong><a style=\"font-weight: bold;\" href=\"https:\/\/numa-monneret.fr\/index.php\/haut-doubs-autrefois\/\">en vers les publications pr\u00e9c\u00e9dentes<\/a><\/p>\n\n\n\n<hr class=\"wp-block-separator has-alpha-channel-opacity\" id=\"block-39fe879e-3ba1-4fd5-8094-b2674de8a0de\"\/>\n\n\n\n<p class=\"has-text-align-center wp-block-paragraph\" id=\"block-6e427ea9-6e75-407c-b0a8-fafcea3b7885\"><strong><a href=\"https:\/\/numa-monneret.fr\/index.php\/patronymes-du-haut-doubs\/\">Dictionnaire des patronymes<\/a><\/strong><\/p>\n\n\n\n<hr class=\"wp-block-separator has-alpha-channel-opacity\" id=\"block-dea5f85d-33f3-49ec-a9c2-b43e35bbe554\"\/>\n\n\n\n<p class=\"wp-block-paragraph\" id=\"block-93c32412-9b4d-4677-aa49-499d1c3473da\">Venez compl\u00e9ter votre g\u00e9n\u00e9alogie en Franche-Comt\u00e9 en vous abonnant \u00e0 :<\/p>\n\n\n\n<p class=\"has-text-align-center wp-block-paragraph\" id=\"block-ac6f2ae8-ffd6-49ce-96e9-fbd186899815\"><strong><a href=\"https:\/\/framalistes.org\/sympa\/info\/racines-franc-comtoises\">Racines franc-comtoises<\/a><\/strong><\/p>\n\n\n\n<p class=\"wp-block-paragraph\">la liste de discussion embl\u00e9matique sur la Franche-Comt\u00e9 fond\u00e9e en 1999 !!!<\/p>\n","protected":false},"excerpt":{"rendered":"<p>Origines FONTAINE \u2013 1520 \u00e0 Vuillecin avec \u00c9tienne Fontaine, qui doit la cense de sept \u00e9mines ; fin du XVIe s. \u00e0 Courcelles-l\u00e8s-Ch\u00e2tillon et Laviron. En 1586, Perrin Fontaine, de Vuillecin, \u00e2g\u00e9 de quarante ans, se dit fils de feu Pierre de La Fontaine, quand il fait une reconnaissance de ses terres relevant de l\u2019ordre [&hellip;]<\/p>\n","protected":false},"author":1,"featured_media":0,"comment_status":"open","ping_status":"open","sticky":false,"template":"","format":"standard","meta":{"_jetpack_newsletter_access":"","_jetpack_dont_email_post_to_subs":false,"_jetpack_newsletter_tier_id":0,"_jetpack_memberships_contains_paywalled_content":false,"_jetpack_feature_clip_id":0,"_jetpack_memberships_contains_paid_content":false,"footnotes":"","jetpack_post_was_ever_published":false},"categories":[1],"tags":[],"class_list":["post-4916","post","type-post","status-publish","format-standard","hentry","category-non-classe"],"jetpack_sharing_enabled":true,"jetpack_featured_media_url":"","_links":{"self":[{"href":"https:\/\/numa-monneret.fr\/index.php\/wp-json\/wp\/v2\/posts\/4916","targetHints":{"allow":["GET"]}}],"collection":[{"href":"https:\/\/numa-monneret.fr\/index.php\/wp-json\/wp\/v2\/posts"}],"about":[{"href":"https:\/\/numa-monneret.fr\/index.php\/wp-json\/wp\/v2\/types\/post"}],"author":[{"embeddable":true,"href":"https:\/\/numa-monneret.fr\/index.php\/wp-json\/wp\/v2\/users\/1"}],"replies":[{"embeddable":true,"href":"https:\/\/numa-monneret.fr\/index.php\/wp-json\/wp\/v2\/comments?post=4916"}],"version-history":[{"count":1,"href":"https:\/\/numa-monneret.fr\/index.php\/wp-json\/wp\/v2\/posts\/4916\/revisions"}],"predecessor-version":[{"id":4917,"href":"https:\/\/numa-monneret.fr\/index.php\/wp-json\/wp\/v2\/posts\/4916\/revisions\/4917"}],"wp:attachment":[{"href":"https:\/\/numa-monneret.fr\/index.php\/wp-json\/wp\/v2\/media?parent=4916"}],"wp:term":[{"taxonomy":"category","embeddable":true,"href":"https:\/\/numa-monneret.fr\/index.php\/wp-json\/wp\/v2\/categories?post=4916"},{"taxonomy":"post_tag","embeddable":true,"href":"https:\/\/numa-monneret.fr\/index.php\/wp-json\/wp\/v2\/tags?post=4916"}],"curies":[{"name":"wp","href":"https:\/\/api.w.org\/{rel}","templated":true}]}}