{"id":4930,"date":"2026-09-04T07:26:49","date_gmt":"2026-09-04T05:26:49","guid":{"rendered":"https:\/\/numa-monneret.fr\/?p=4930"},"modified":"2026-09-04T07:26:49","modified_gmt":"2026-09-04T05:26:49","slug":"forien","status":"publish","type":"post","link":"https:\/\/numa-monneret.fr\/index.php\/2026\/09\/04\/forien\/","title":{"rendered":"FORIEN"},"content":{"rendered":"\n<p class=\"wp-block-paragraph\"><strong>Origines<\/strong><\/p>\n\n\n\n<p class=\"wp-block-paragraph\">FORIEN (Choulier-Forien, Phorien) \u2013 XVIIIe s. \u00e0 Loray et dans les<\/p>\n\n\n\n<p class=\"wp-block-paragraph\">villages voisins. Le patronyme est typique de la disparition progressive<\/p>\n\n\n\n<p class=\"wp-block-paragraph\">du patronyme originel : Choulier jusqu\u2019au XVIIe si\u00e8cle, Choulier-Forien<\/p>\n\n\n\n<p class=\"wp-block-paragraph\">d\u00e8s 1650, puis Forien \u00e0 la veille de la R\u00e9volution.<\/p>\n\n\n\n<p class=\"has-text-align-center wp-block-paragraph\"><strong>L<a style=\"font-weight: bold;\" href=\"https:\/\/numa-monneret.fr\/index.php\/haut-doubs-autrefois\/\">i<\/a><\/strong><a style=\"font-weight: bold;\" href=\"https:\/\/numa-monneret.fr\/index.php\/haut-doubs-autrefois\/\">en vers les publications pr\u00e9c\u00e9dentes<\/a><\/p>\n\n\n\n<hr class=\"wp-block-separator has-alpha-channel-opacity\" id=\"block-39fe879e-3ba1-4fd5-8094-b2674de8a0de\"\/>\n\n\n\n<p class=\"has-text-align-center wp-block-paragraph\" id=\"block-6e427ea9-6e75-407c-b0a8-fafcea3b7885\"><strong><a href=\"https:\/\/numa-monneret.fr\/index.php\/patronymes-du-haut-doubs\/\">Dictionnaire des patronymes<\/a><\/strong><\/p>\n\n\n\n<hr class=\"wp-block-separator has-alpha-channel-opacity\" id=\"block-dea5f85d-33f3-49ec-a9c2-b43e35bbe554\"\/>\n\n\n\n<p class=\"wp-block-paragraph\" id=\"block-93c32412-9b4d-4677-aa49-499d1c3473da\">Venez compl\u00e9ter votre g\u00e9n\u00e9alogie en Franche-Comt\u00e9 en vous abonnant \u00e0 :<\/p>\n\n\n\n<p class=\"has-text-align-center wp-block-paragraph\" id=\"block-ac6f2ae8-ffd6-49ce-96e9-fbd186899815\"><strong><a href=\"https:\/\/framalistes.org\/sympa\/info\/racines-franc-comtoises\">Racines franc-comtoises<\/a><\/strong><\/p>\n\n\n\n<p class=\"wp-block-paragraph\">la liste de discussion embl\u00e9matique sur la Franche-Comt\u00e9 fond\u00e9e en 1999 !!!<\/p>\n\n\n\n<p class=\"wp-block-paragraph\">&#8211;<\/p>\n\n\n\n<p class=\"wp-block-paragraph\"><\/p>\n","protected":false},"excerpt":{"rendered":"<p>Origines FORIEN (Choulier-Forien, Phorien) \u2013 XVIIIe s. \u00e0 Loray et dans les villages voisins. Le patronyme est typique de la disparition progressive du patronyme originel : Choulier jusqu\u2019au XVIIe si\u00e8cle, Choulier-Forien d\u00e8s 1650, puis Forien \u00e0 la veille de la R\u00e9volution. Lien vers les publications pr\u00e9c\u00e9dentes Dictionnaire des patronymes Venez compl\u00e9ter votre g\u00e9n\u00e9alogie en Franche-Comt\u00e9 [&hellip;]<\/p>\n","protected":false},"author":1,"featured_media":0,"comment_status":"open","ping_status":"open","sticky":false,"template":"","format":"standard","meta":{"_jetpack_newsletter_access":"","_jetpack_dont_email_post_to_subs":false,"_jetpack_newsletter_tier_id":0,"_jetpack_memberships_contains_paywalled_content":false,"_jetpack_feature_clip_id":0,"_jetpack_memberships_contains_paid_content":false,"footnotes":"","jetpack_post_was_ever_published":false},"categories":[1],"tags":[],"class_list":["post-4930","post","type-post","status-publish","format-standard","hentry","category-non-classe"],"jetpack_sharing_enabled":true,"jetpack_featured_media_url":"","_links":{"self":[{"href":"https:\/\/numa-monneret.fr\/index.php\/wp-json\/wp\/v2\/posts\/4930","targetHints":{"allow":["GET"]}}],"collection":[{"href":"https:\/\/numa-monneret.fr\/index.php\/wp-json\/wp\/v2\/posts"}],"about":[{"href":"https:\/\/numa-monneret.fr\/index.php\/wp-json\/wp\/v2\/types\/post"}],"author":[{"embeddable":true,"href":"https:\/\/numa-monneret.fr\/index.php\/wp-json\/wp\/v2\/users\/1"}],"replies":[{"embeddable":true,"href":"https:\/\/numa-monneret.fr\/index.php\/wp-json\/wp\/v2\/comments?post=4930"}],"version-history":[{"count":2,"href":"https:\/\/numa-monneret.fr\/index.php\/wp-json\/wp\/v2\/posts\/4930\/revisions"}],"predecessor-version":[{"id":4933,"href":"https:\/\/numa-monneret.fr\/index.php\/wp-json\/wp\/v2\/posts\/4930\/revisions\/4933"}],"wp:attachment":[{"href":"https:\/\/numa-monneret.fr\/index.php\/wp-json\/wp\/v2\/media?parent=4930"}],"wp:term":[{"taxonomy":"category","embeddable":true,"href":"https:\/\/numa-monneret.fr\/index.php\/wp-json\/wp\/v2\/categories?post=4930"},{"taxonomy":"post_tag","embeddable":true,"href":"https:\/\/numa-monneret.fr\/index.php\/wp-json\/wp\/v2\/tags?post=4930"}],"curies":[{"name":"wp","href":"https:\/\/api.w.org\/{rel}","templated":true}]}}